{"id":188888,"date":"2024-07-26T20:59:06","date_gmt":"2024-07-26T20:59:06","guid":{"rendered":"http:\/\/avozdocerrado.com\/?p=188888"},"modified":"2024-07-26T20:59:06","modified_gmt":"2024-07-26T20:59:06","slug":"paris-2024-abertura-teve-muita-chuva-aposta-em-diversidade-e-manifestacoes-politicas-discretas","status":"publish","type":"post","link":"http:\/\/avozdocerrado.com\/?p=188888","title":{"rendered":"Paris 2024: abertura teve muita chuva, aposta em diversidade e manifesta\u00e7\u00f5es pol\u00edticas discretas"},"content":{"rendered":"<p>Brasil de Fato<\/p>\n<p>A cerim\u00f4nia de abertura das <a href=\"https:\/\/www.brasildefato.com.br\/2024\/07\/26\/russia-fora-das-olimpiadas-entenda-como-guerra-da-ucrania-causou-banimento\">Olimp\u00edadas de Paris 2024<\/a> aconteceu nesta sexta-feira (26) debaixo de chuvas torrenciais. A festa trouxe mensagens de diversidade e registrou poucas manifesta\u00e7\u00f5es pol\u00edticas. Pela primeira vez, um evento de abertura rompeu a tradi\u00e7\u00e3o de ser realizada em um est\u00e1dio e de separar as coreografias que contam a hist\u00f3ria do pa\u00eds-sede do desfile de delega\u00e7\u00f5es, que foram mesclados.\u00a0<\/p>\n<p>O presidente do Comit\u00ea Ol\u00edmpico Internacional, Thomas Bach, e o mandat\u00e1rio franc\u00eas, Emannuel Macron, haviam manifestado o <a href=\"https:\/\/www.brasildefato.com.br\/2024\/07\/26\/politica-sociedade-e-historia-as-olimpiadas-para-alem-do-quadro-de-medalhas\">desejo de que os Jogos fossem despolitizados<\/a>. A expectativa de que delega\u00e7\u00f5es de esportistas demonstrassem solidariedade em grande escala \u00e0 Palestina n\u00e3o se concretizou e a dist\u00e2ncia do p\u00fablico, a inclus\u00e3o de in\u00fameras passagens previamente gravadas e a tempestade que caiu contribu\u00edram para esfriar os \u00e2nimos.<\/p>\n<p>Ainda assim, alguns incidentes deram tom pol\u00edtico ao evento. Rec\u00e9m-sa\u00edda de elei\u00e7\u00f5es em que foi necess\u00e1ria a uni\u00e3o de for\u00e7as antag\u00f4nicas para brecar a chegada da extrema direita \u2013 com ide\u00e1rio racista e xenof\u00f3bico \u2013 ao poder, a organiza\u00e7\u00e3o dos Jogos apostou em mensagens de inclus\u00e3o e diversidade.\u00a0<\/p>\n<p>A cerim\u00f4nia come\u00e7ou com o ex-jogador de futebol Zidane \u2013 her\u00f3i nacional de origem argelina \u2013 entregando a tocha ol\u00edmpica para tr\u00eas garotos de etnias diferentes. As primeiras delega\u00e7\u00f5es que desfilaram tamb\u00e9m quebraram padr\u00f5es, com a Alemanha escolhendo um porta-bandeira negro e a Ar\u00e1bia Saudita, uma mulher.<\/p>\n<p>A pira ol\u00edmpica foi acesa por um casal de atletas franceses negros, em conson\u00e2ncia com a ideia de igualdade entre g\u00eaneros e povos. Marie-Jos\u00e9 Perec, do atletismo, e Teddy Riner, do jud\u00f4, s\u00e3o tricampe\u00f5es ol\u00edmpicos e foram escolhidos para finalizar um longo desfile de atletas de destaque, que come\u00e7ou com Zinedine Zidane e o tenista espanhol Rafael Nadal.\u00a0A chama ol\u00edmpica voou pelos c\u00e9us de Paris em um bal\u00e3o.<\/p>\n<p class=\"ckeditor-img-caption\"><img decoding=\"async\" src=\"https:\/\/images01.brasildefato.com.br\/446a7cb9fee4ff390cc6cd9c08326da2.webp\"><br \/>\nA velocista Marie-Jos\u00e9 Perec e o judoca Teddy Riner foram escolhidos para acender a chama ol\u00edmpica em Paris \/ MOHD RASFAN \/ AFP<\/p>\n<p class=\"ckeditor-subtitle\">Manifesta\u00e7\u00f5es pol\u00edticas<\/p>\n<p>A delega\u00e7\u00e3o da Arg\u00e9lia jogou flores no Sena, em mem\u00f3ria dos milhares de argelinos mortos por franceses na guerra de independencia. Em 1961, um protesto de argelinos em Paris foi massacrado pela pol\u00edcia e os corpos de v\u00e1rios manifestantes acabaram jogados no rio.<\/p>\n<blockquote class=\"twitter-tweet\">\n<p lang=\"pt\">&#x1f1eb;&#x1f1f7;&#x1f1e9;&#x1f1ff; Delega\u00e7\u00e3o da Arg\u00e9lia joga rosas no rio Sena durante a cerim\u00f4nia de abertura dos Jogos Ol\u00edmpicos de <a href=\"https:\/\/twitter.com\/hashtag\/Paris2024?src=hash&amp;ref_src=twsrc%5Etfw\">#Paris2024<\/a> em homenagem aos manifestantes argelinos mortos e que tiveram seus corpos jogados no Rio Sena pela pol\u00edcia de Paris em 1961.<\/p>\n<p>O massacre, ocorrido durante a guerra\u2026 <a href=\"https:\/\/t.co\/fRxIK8gpoA\">pic.twitter.com\/fRxIK8gpoA<\/a><\/p>\n<p>\u2014 Eixo Pol\u00edtico (@eixopolitico) <a href=\"https:\/\/twitter.com\/eixopolitico\/status\/1816917176768692676?ref_src=twsrc%5Etfw\">July 26, 2024<\/a>\n<\/p><\/blockquote>\n<p>Havia expectativa em rela\u00e7\u00e3o \u00e0 passagem dos <a href=\"https:\/\/www.brasildefato.com.br\/2024\/07\/24\/palestina-pede-que-coi-aplique-a-israel-mesma-regra-que-baniu-russia-das-olimpiadas\">atletas de Israel<\/a>, que contou com a presen\u00e7a de um forte esquema de seguran\u00e7a. Cogitou-se a possibilidade de que o barco da delega\u00e7\u00e3o desfilasse vazio, mas no final os esportistas tamb\u00e9m estiveram a bordo.\u00a0<\/p>\n<p>Em tel\u00f5es espalhados pela cidade, ouviram-se vaias vindas da multid\u00e3o quando os atletas de Israel desfilaram. Eles foram liderados pelo porta-bandeira Peter Paltchick, judoca de origem ucraniana, que costuma assinar bombas usadas por militares israelenses contra civis na Faixa de Gaza.\u00a0<\/p>\n<p>\u00a0<\/p>\n<blockquote class=\"twitter-tweet\">\n<p lang=\"pt\">VEJA: DELEGA\u00c7\u00c3O DA OCUPA\u00c7\u00c3O VAIADA NOS JOGOS OL\u00cdMPICOS <a href=\"https:\/\/t.co\/eXxvsoxmyG\">pic.twitter.com\/eXxvsoxmyG<\/a><\/p>\n<p>\u2014 Kais Husein (@okaisito) <a href=\"https:\/\/twitter.com\/okaisito\/status\/1816916205816668343?ref_src=twsrc%5Etfw\">July 26, 2024<\/a>\n<\/p><\/blockquote>\n<p>Por outro lado, o porta-bandeira Palestino Waseem Abu Sal usou a cerim\u00f4nia para denunciar o genoc\u00eddio de seu povo atualmente em curso. A roupa do palestino traz o desenho de bombas caindo enquanto uma crian\u00e7a joga bola.\u00a0<\/p>\n<p class=\"ckeditor-img-caption\"><img decoding=\"async\" src=\"https:\/\/images01.brasildefato.com.br\/1677922f8b0a6458ec17d759160dc9a9.webp\"><br \/>\nO boxeador Waseem Abu Sal \u00e9 um dos oito integrantes da delega\u00e7\u00e3o palestina \/ Reprodu\u00e7\u00e3o X<\/p>\n<p class=\"ckeditor-subtitle\">Igualdade de g\u00eanero<\/p>\n<p>A cerim\u00f4nia tamb\u00e9m celebrou a in\u00e9dita igualdade de g\u00eanero nos Jogos Ol\u00edmpicos. Essa \u00e9 a primeira edi\u00e7\u00e3o dos jogos em que h\u00e1 paridade entre homens e mulheres. Dez mulheres fancesas de destaque foram homenageadas no evento, com est\u00e1tuas que apareceram ao longo do desfile.<\/p>\n<p>A delega\u00e7\u00e3o brasileira tamb\u00e9m se destaca pela quantidade de mulheres. Pela primeira primeira vez a delega\u00e7\u00e3o feminina \u00e9 maior do que a masculina. Elas representam 153 dos 276 atletas assegurados na capital francesa, segundo o Comit\u00ea Ol\u00edmpico do Brasil (COB). S\u00e3o as mulheres, tamb\u00e9m, que <a href=\"https:\/\/www.brasildefato.com.br\/2024\/07\/23\/maioria-pela-1-vez-mulheres-encabecam-sonhos-de-medalhas-em-paris\">lideram as chances de medalhas para o pa\u00eds<\/a>.<\/p>\n<p>Os atletas do Brasil, ali\u00e1s, se destacaram como um dos grupos mais animados a desfilar. Chamou a aten\u00e7\u00e3o os uniformes escolhidos pelo Comit\u00ea Ol\u00edmpico Brasileiro, bastante criticados por supostamente parecerem roupas usadas em igrejas e n\u00e3o terem elementos de brasilidade para al\u00e9m dos bordados. Estes foram confeccionados por cerca de 80 costureiras de Pernambuco que assistiram, <a href=\"https:\/\/www.brasildefato.com.br\/2024\/07\/26\/bordadeiras-se-orgulham-do-uniforme-brasileiro-nas-olimpiadas-de-paris-nada-inferior\">juntas e orgulhosas, a abertura pela TV<\/a>.\u00a0<\/p>\n<p>Os porta-bandeiras foram Isaquias Queiroz, da canoagem velocidade e Raquel Kochhann, do r\u00fagbi. Logo ap\u00f3s o desfile, no entanto, os atletas se retiraram para a Vila Ol\u00edmpica, visando a prepara\u00e7\u00e3o para as competi\u00e7\u00f5es.\u00a0<\/p>\n<blockquote class=\"twitter-tweet\">\n<p lang=\"zxx\"><a href=\"https:\/\/t.co\/hsFZRA6ehh\">pic.twitter.com\/hsFZRA6ehh<\/a><\/p>\n<p>\u2014 fabs (@fabriclx) <a href=\"https:\/\/twitter.com\/fabriclx\/status\/1816881654650052761?ref_src=twsrc%5Etfw\">July 26, 2024<\/a>\n<\/p><\/blockquote>\n<p>\n\u00a0<\/p>\n<p>\u00a0<\/p>\n","protected":false},"excerpt":{"rendered":"<p>Festa no Rio Sena trouxe pela primeira vez as delega\u00e7\u00f5es desfilando em barcos<\/p>\n","protected":false},"author":1,"featured_media":0,"comment_status":"closed","ping_status":"closed","sticky":false,"template":"Default","format":"standard","meta":{"footnotes":"","jetpack_publicize_message":"","jetpack_publicize_feature_enabled":true,"jetpack_social_post_already_shared":true,"jetpack_social_options":{"image_generator_settings":{"template":"highway","default_image_id":0,"enabled":false},"version":2}},"categories":[1],"tags":[205,777,305,257,940,525,1819,16,472,385,414,378,13,1845,374,384,265,447,480,15,1689,215,303,1244,748,960],"class_list":["post-188888","post","type-post","status-publish","format-standard","hentry","category-uncategorized","tag-arabia-saudita","tag-brasil","tag-chuva","tag-chuvas","tag-curso","tag-diversidade","tag-eleicoes","tag-faixa-de-gaza","tag-futebol","tag-genero","tag-homens","tag-igualdade-de-genero","tag-israel","tag-jogos-olimpicos","tag-militares","tag-mulher","tag-mulheres","tag-negros","tag-ocupacao","tag-palestina","tag-passagens","tag-pernambuco","tag-policia","tag-presidente","tag-rio","tag-uniao"],"jetpack_publicize_connections":[],"_links":{"self":[{"href":"http:\/\/avozdocerrado.com\/index.php?rest_route=\/wp\/v2\/posts\/188888","targetHints":{"allow":["GET"]}}],"collection":[{"href":"http:\/\/avozdocerrado.com\/index.php?rest_route=\/wp\/v2\/posts"}],"about":[{"href":"http:\/\/avozdocerrado.com\/index.php?rest_route=\/wp\/v2\/types\/post"}],"author":[{"embeddable":true,"href":"http:\/\/avozdocerrado.com\/index.php?rest_route=\/wp\/v2\/users\/1"}],"replies":[{"embeddable":true,"href":"http:\/\/avozdocerrado.com\/index.php?rest_route=%2Fwp%2Fv2%2Fcomments&post=188888"}],"version-history":[{"count":0,"href":"http:\/\/avozdocerrado.com\/index.php?rest_route=\/wp\/v2\/posts\/188888\/revisions"}],"wp:attachment":[{"href":"http:\/\/avozdocerrado.com\/index.php?rest_route=%2Fwp%2Fv2%2Fmedia&parent=188888"}],"wp:term":[{"taxonomy":"category","embeddable":true,"href":"http:\/\/avozdocerrado.com\/index.php?rest_route=%2Fwp%2Fv2%2Fcategories&post=188888"},{"taxonomy":"post_tag","embeddable":true,"href":"http:\/\/avozdocerrado.com\/index.php?rest_route=%2Fwp%2Fv2%2Ftags&post=188888"}],"curies":[{"name":"wp","href":"https:\/\/api.w.org\/{rel}","templated":true}]}}