{"id":316076,"date":"2024-10-27T23:22:46","date_gmt":"2024-10-27T23:22:46","guid":{"rendered":"http:\/\/avozdocerrado.com\/?p=316076"},"modified":"2024-10-27T23:22:46","modified_gmt":"2024-10-27T23:22:46","slug":"me-preocupo-com-o-futuro-da-nossa-cidade-com-infiltracao-do-bolsonarismo-e-do-crime-organizado-diz-boulos-apos-derrota","status":"publish","type":"post","link":"http:\/\/avozdocerrado.com\/?p=316076","title":{"rendered":"&#8216;Me preocupo com o futuro da nossa cidade, com infiltra\u00e7\u00e3o do bolsonarismo e do crime organizado&#8217;, diz Boulos ap\u00f3s derrota"},"content":{"rendered":"<p>Brasil de Fato<\/p>\n<p><a href=\"https:\/\/www.brasildefato.com.br\/2024\/10\/27\/ricardo-nunes-mdb-derrota-guilherme-boulos-psol-e-e-reeleito-prefeito-de-sao-paulo-sp\">Guilherme Boulos<\/a> (Psol), candidato derrotado \u00e0 prefeitura de S\u00e3o Paulo, fez um r\u00e1pido pronunciamento a apoiadores na noite deste domingo (27), na Casa de Portugal, regi\u00e3o central da cidade. Ap\u00f3s agradecer aos partidos que apoiaram a sua candidatura, aos militantes e \u00e0 equipe de campanha, o candidato federal afirmou que se preocupa com o &#8220;futuro da cidade&#8221;.<\/p>\n<p>&#8220;Eu me preocupo com o futuro da nossa cidade, com a infiltra\u00e7\u00e3o do bolsonarismo e do <a href=\"https:\/\/www.brasildefato.com.br\/2024\/10\/19\/pcc-x-depredacao-do-patrimonio-debate-da-record-em-sao-paulo-tem-troca-de-acusacoes-entre-boulos-e-nunes\">crime organizado<\/a> na prefeitura da maior cidade do Brasil. Eu espero que o povo de S\u00e3o Paulo e do Brasil tenha for\u00e7as para evitar o pior&#8221;, declarou Boulos.<\/p>\n<p>\u00c0 milit\u00e2ncia, Boulos buscou passar uma mensagem de otimismo, apesar da derrota. &#8220;Hoje, depois que saiu o resultado, vieram companheiros chorando, entristecidos. A mensagem que eu quero dar para voc\u00eas \u00e9 que ergam a cabe\u00e7a. Sigam firmes. Nossa luta n\u00e3o come\u00e7ou hoje e n\u00e3o acaba aqui. Tenho muita confian\u00e7a de que, apesar de um resultado eleitoral adverso, n\u00e3o s\u00f3 aqui em S\u00e3o Paulo, mas no Brasil, que o futuro vai ser nosso.&#8221;<\/p>\n<p>Boulos dedicou uma men\u00e7\u00e3o especial ao presidente <a href=\"https:\/\/www.brasildefato.com.br\/2024\/10\/04\/em-reta-final-de-campanha-boulos-caminha-com-lula-em-sp-para-aumentar-conversao-de-votos\">Luiz In\u00e1cio Lula da Silva<\/a> (PT), que costurou em 2022 o acordo pol\u00edtico que garantiu a candidatura do psolista como representante do campo da esquerda na cidade, que j\u00e1 foi governada pelo PT em tr\u00eas oportunidades. &#8220;O presidente Lula me chamou e me disse: &#8216;seja quem voc\u00ea \u00e9&#8217;. Eu quero te dizer, presidente, eu sei que est\u00e1 assistindo agora, que voc\u00ea \u00e9 uma inspira\u00e7\u00e3o e que aqui voc\u00ea sempre ter\u00e1 um companheiro leal por toda a vida.&#8221;<\/p><\/p>\n","protected":false},"excerpt":{"rendered":"<p>Deputado do Psol disputou a prefeitura de S\u00e3o Paulo com Ricardo Nunes e ficou com 40,65%<\/p>\n","protected":false},"author":1,"featured_media":0,"comment_status":"closed","ping_status":"closed","sticky":false,"template":"Default","format":"standard","meta":{"footnotes":"","jetpack_publicize_message":"","jetpack_publicize_feature_enabled":true,"jetpack_social_post_already_shared":true,"jetpack_social_options":{"image_generator_settings":{"template":"highway","default_image_id":0,"enabled":false},"version":2}},"categories":[1],"tags":[1554,777,2119,1710,27,890,1244,921,1516,136],"class_list":["post-316076","post","type-post","status-publish","format-standard","hentry","category-uncategorized","tag-1554","tag-brasil","tag-confianca","tag-luiz-inacio-lula-da-silva","tag-lula","tag-otimismo","tag-presidente","tag-presidente-lula","tag-ricardo-nunes","tag-sao-paulo"],"jetpack_publicize_connections":[],"_links":{"self":[{"href":"http:\/\/avozdocerrado.com\/index.php?rest_route=\/wp\/v2\/posts\/316076","targetHints":{"allow":["GET"]}}],"collection":[{"href":"http:\/\/avozdocerrado.com\/index.php?rest_route=\/wp\/v2\/posts"}],"about":[{"href":"http:\/\/avozdocerrado.com\/index.php?rest_route=\/wp\/v2\/types\/post"}],"author":[{"embeddable":true,"href":"http:\/\/avozdocerrado.com\/index.php?rest_route=\/wp\/v2\/users\/1"}],"replies":[{"embeddable":true,"href":"http:\/\/avozdocerrado.com\/index.php?rest_route=%2Fwp%2Fv2%2Fcomments&post=316076"}],"version-history":[{"count":0,"href":"http:\/\/avozdocerrado.com\/index.php?rest_route=\/wp\/v2\/posts\/316076\/revisions"}],"wp:attachment":[{"href":"http:\/\/avozdocerrado.com\/index.php?rest_route=%2Fwp%2Fv2%2Fmedia&parent=316076"}],"wp:term":[{"taxonomy":"category","embeddable":true,"href":"http:\/\/avozdocerrado.com\/index.php?rest_route=%2Fwp%2Fv2%2Fcategories&post=316076"},{"taxonomy":"post_tag","embeddable":true,"href":"http:\/\/avozdocerrado.com\/index.php?rest_route=%2Fwp%2Fv2%2Ftags&post=316076"}],"curies":[{"name":"wp","href":"https:\/\/api.w.org\/{rel}","templated":true}]}}