{"id":316434,"date":"2024-10-28T14:43:41","date_gmt":"2024-10-28T14:43:41","guid":{"rendered":"https:\/\/avozdocerrado.com\/?p=316434"},"modified":"2024-10-28T14:43:41","modified_gmt":"2024-10-28T14:43:41","slug":"semana-urbana-de-arte-seleciona-obras-a-serem-projetadas-em-predios-historicos-do-recife","status":"publish","type":"post","link":"http:\/\/avozdocerrado.com\/?p=316434","title":{"rendered":"Semana Urbana de Arte seleciona obras a serem projetadas em pr\u00e9dios hist\u00f3ricos do Recife"},"content":{"rendered":"<p>Brasil de Fato<\/p>\n<p>A Semana Urbana de Arte (SUA) est\u00e1 com sele\u00e7\u00e3o aberta, at\u00e9 esta ter\u00e7a-feira (28), para artes impressas de coletivos ou artistas individuais a serem projetadas nos casarios hist\u00f3ricos da rua da Aurora, no centro do <a href=\"https:\/\/www.brasildefato.com.br\/2024\/10\/25\/mutirao-de-arte-inicia-revitalizacao-do-porto-de-brasilia-teimosa\">Recife (PE)<\/a>. S\u00e3o aceitas serigrafias, colagem, xilogravuras e outras t\u00e9cnicas e formatos de arte impressa. As inscri\u00e7\u00f5es devem ser feitas por meio <a href=\"https:\/\/forms.gle\/kpNjzHtJNCSz2duC7\">deste formul\u00e1rio<\/a>.<\/p>\n<p>Apenas seis obras ser\u00e3o escolhidas. Cada artista selecionado receber\u00e1 R$ 500 como premia\u00e7\u00e3o. A inten\u00e7\u00e3o \u00e9 garantir obras de autores de fora da Regi\u00e3o Metropolitana. O resultado da sele\u00e7\u00e3o ser\u00e1 divulgado no dia 11 de novembro. As proje\u00e7\u00f5es acontecem nos dias 22, 23 e 24 do mesmo m\u00eas.<\/p>\n<p>A proposta \u00e9 &#8220;transformar a rua da Aurora num palco de arte p\u00fablica&#8221;, democratizando o acesso \u00e0s artes visuais, levando-as para fora dos museus e galerias. &#8220;Ao levar <a href=\"https:\/\/www.brasildefato.com.br\/2024\/06\/13\/observatorio-das-metropoles-guerras-culturais-pelo-espaco-publico-o-abre-alas-que-eu-quero-passar\">arte para o espa\u00e7o p\u00fablico<\/a>, permitimos que todos possam interagir e apreciar obras de grande valor cultural&#8221;, diz Priscila Moreira, idealizadora do projeto.<\/p>\n<p>Esta \u00e9 a primeira edi\u00e7\u00e3o da SUA. A organizadora garante que ser\u00e3o feitas adequa\u00e7\u00f5es nos espa\u00e7os de proje\u00e7\u00e3o para permitir o acesso a pessoas com defici\u00eancia ou mobilidade reduzida. Tamb\u00e9m indica que haver\u00e1 tradu\u00e7\u00e3o em Libras e audiodescri\u00e7\u00e3o durante as exibi\u00e7\u00f5es.<\/p>\n<p>O projeto \u00e9 financiado com recursos p\u00fablicos federais, atrav\u00e9s da <a href=\"https:\/\/www.brasildefato.com.br\/2024\/10\/23\/o-que-os-municipios-podem-fazer-pelo-audiovisual-negro\">Lei Paulo Gustavo<\/a>, e foi selecionado pela Secretaria de Cultura do Governo de Pernambuco.<\/p>\n","protected":false},"excerpt":{"rendered":"<p>Prazo termina nesta ter\u00e7a-feira (28); seis obras impressas ser\u00e3o escolhidas, com premia\u00e7\u00e3o de R$ 500 para cada<\/p>\n","protected":false},"author":1,"featured_media":0,"comment_status":"closed","ping_status":"closed","sticky":false,"template":"Default","format":"standard","meta":{"footnotes":"","jetpack_publicize_message":"","jetpack_publicize_feature_enabled":true,"jetpack_social_post_already_shared":true,"jetpack_social_options":{"image_generator_settings":{"template":"highway","default_image_id":0,"enabled":false},"version":2}},"categories":[1],"tags":[492,259,1493,345,215,2262,1042,1504,191,1308],"class_list":["post-316434","post","type-post","status-publish","format-standard","hentry","category-uncategorized","tag-arte","tag-cultura","tag-governo","tag-lei","tag-pernambuco","tag-projecoes","tag-projeto","tag-proposta","tag-recife","tag-recursos"],"jetpack_publicize_connections":[],"_links":{"self":[{"href":"http:\/\/avozdocerrado.com\/index.php?rest_route=\/wp\/v2\/posts\/316434","targetHints":{"allow":["GET"]}}],"collection":[{"href":"http:\/\/avozdocerrado.com\/index.php?rest_route=\/wp\/v2\/posts"}],"about":[{"href":"http:\/\/avozdocerrado.com\/index.php?rest_route=\/wp\/v2\/types\/post"}],"author":[{"embeddable":true,"href":"http:\/\/avozdocerrado.com\/index.php?rest_route=\/wp\/v2\/users\/1"}],"replies":[{"embeddable":true,"href":"http:\/\/avozdocerrado.com\/index.php?rest_route=%2Fwp%2Fv2%2Fcomments&post=316434"}],"version-history":[{"count":0,"href":"http:\/\/avozdocerrado.com\/index.php?rest_route=\/wp\/v2\/posts\/316434\/revisions"}],"wp:attachment":[{"href":"http:\/\/avozdocerrado.com\/index.php?rest_route=%2Fwp%2Fv2%2Fmedia&parent=316434"}],"wp:term":[{"taxonomy":"category","embeddable":true,"href":"http:\/\/avozdocerrado.com\/index.php?rest_route=%2Fwp%2Fv2%2Fcategories&post=316434"},{"taxonomy":"post_tag","embeddable":true,"href":"http:\/\/avozdocerrado.com\/index.php?rest_route=%2Fwp%2Fv2%2Ftags&post=316434"}],"curies":[{"name":"wp","href":"https:\/\/api.w.org\/{rel}","templated":true}]}}